{"id":9317,"date":"2026-05-01T08:07:40","date_gmt":"2026-05-01T13:07:40","guid":{"rendered":"https:\/\/curiquinguetv.com\/?p=9317"},"modified":"2026-05-01T08:07:41","modified_gmt":"2026-05-01T13:07:41","slug":"%f0%9f%8f%9b%ef%b8%8f-%f0%9f%93%8a-varias-figuras-politicas-ya-se-posicionan-en-la-contienda","status":"publish","type":"post","link":"https:\/\/curiquinguetv.com\/?p=9317","title":{"rendered":"\ud83c\udfdb\ufe0f \ud83d\udcca Varias figuras pol\u00edticas ya se posicionan en la contienda"},"content":{"rendered":"\n<p>La ciudad de Quito comienza a definir su panorama pol\u00edtico con la aparici\u00f3n de diversas precandidaturas a la Alcald\u00eda. Algunos aspirantes ya han ocupado cargos p\u00fablicos, lo que anticipa una contienda electoral con figuras conocidas.<\/p>\n\n\n\n<p>#Quito #Elecciones #Pol\u00edtica #Alcald\u00eda<\/p>\n\n\n\n<figure class=\"wp-block-embed is-type-video is-provider-youtube wp-block-embed-youtube wp-embed-aspect-16-9 wp-has-aspect-ratio\"><div class=\"wp-block-embed__wrapper\">\n<iframe loading=\"lazy\" title=\"\ud83c\udfdb\ufe0f \ud83d\udcca Varias figuras pol\u00edticas ya se posicionan en la contienda\" width=\"640\" height=\"360\" src=\"https:\/\/www.youtube.com\/embed\/x7GwdfM-xo4?feature=oembed\" frameborder=\"0\" allow=\"accelerometer; autoplay; clipboard-write; encrypted-media; gyroscope; picture-in-picture; web-share\" referrerpolicy=\"strict-origin-when-cross-origin\" allowfullscreen><\/iframe>\n<\/div><\/figure>\n","protected":false},"excerpt":{"rendered":"<p>La ciudad de Quito comienza a definir su panorama pol\u00edtico con la aparici\u00f3n de diversas<\/p>\n","protected":false},"author":1,"featured_media":9318,"comment_status":"open","ping_status":"open","sticky":false,"template":"","format":"standard","meta":{"om_disable_all_campaigns":false,"_monsterinsights_skip_tracking":false,"_monsterinsights_sitenote_active":false,"_monsterinsights_sitenote_note":"","_monsterinsights_sitenote_category":0,"_uf_show_specific_survey":0,"_uf_disable_surveys":false,"footnotes":""},"categories":[1],"tags":[],"class_list":["post-9317","post","type-post","status-publish","format-standard","has-post-thumbnail","hentry","category-https-curiquinguetv-com"],"aioseo_notices":[],"_links":{"self":[{"href":"https:\/\/curiquinguetv.com\/index.php?rest_route=\/wp\/v2\/posts\/9317","targetHints":{"allow":["GET"]}}],"collection":[{"href":"https:\/\/curiquinguetv.com\/index.php?rest_route=\/wp\/v2\/posts"}],"about":[{"href":"https:\/\/curiquinguetv.com\/index.php?rest_route=\/wp\/v2\/types\/post"}],"author":[{"embeddable":true,"href":"https:\/\/curiquinguetv.com\/index.php?rest_route=\/wp\/v2\/users\/1"}],"replies":[{"embeddable":true,"href":"https:\/\/curiquinguetv.com\/index.php?rest_route=%2Fwp%2Fv2%2Fcomments&post=9317"}],"version-history":[{"count":2,"href":"https:\/\/curiquinguetv.com\/index.php?rest_route=\/wp\/v2\/posts\/9317\/revisions"}],"predecessor-version":[{"id":9320,"href":"https:\/\/curiquinguetv.com\/index.php?rest_route=\/wp\/v2\/posts\/9317\/revisions\/9320"}],"wp:featuredmedia":[{"embeddable":true,"href":"https:\/\/curiquinguetv.com\/index.php?rest_route=\/wp\/v2\/media\/9318"}],"wp:attachment":[{"href":"https:\/\/curiquinguetv.com\/index.php?rest_route=%2Fwp%2Fv2%2Fmedia&parent=9317"}],"wp:term":[{"taxonomy":"category","embeddable":true,"href":"https:\/\/curiquinguetv.com\/index.php?rest_route=%2Fwp%2Fv2%2Fcategories&post=9317"},{"taxonomy":"post_tag","embeddable":true,"href":"https:\/\/curiquinguetv.com\/index.php?rest_route=%2Fwp%2Fv2%2Ftags&post=9317"}],"curies":[{"name":"wp","href":"https:\/\/api.w.org\/{rel}","templated":true}]}}