{"id":8494,"date":"2026-03-13T08:33:58","date_gmt":"2026-03-13T13:33:58","guid":{"rendered":"https:\/\/curiquinguetv.com\/?p=8494"},"modified":"2026-03-13T09:03:53","modified_gmt":"2026-03-13T14:03:53","slug":"%f0%9f%9a%a8-cotopaxi-obras-viales-operativos-de-seguridad-lluvias-y-debate-por-ley-carcelaria-generan-atencion-en-la-provincia","status":"publish","type":"post","link":"https:\/\/curiquinguetv.com\/?p=8494","title":{"rendered":"\u2696\ufe0f Debate por ley que obliga a trabajar a personas privadas de libertad"},"content":{"rendered":"\n<p>\u2696\ufe0f Debate por ley que obliga a trabajar a personas privadas de libertad<br>El exasamble\u00edsta por Cotopaxi, Arturo Ugsha, analiz\u00f3 la normativa aprobada por la Asamblea Nacional del Ecuador que establece que las personas privadas de libertad deber\u00e1n trabajar mientras cumplen su condena.<br>Seg\u00fan indic\u00f3, esta medida podr\u00eda contribuir a los procesos de rehabilitaci\u00f3n y reinserci\u00f3n social.<\/p>\n\n\n\n<p>\u2753 Preguntas para debatir:<br>\ud83d\udc49 \u00bfEst\u00e1 de acuerdo con que los presos trabajen obligatoriamente durante su condena?<br>\ud83d\udc49 \u00bfCree que esto ayudar\u00eda a la rehabilitaci\u00f3n o deber\u00eda aplicarse otro modelo?<\/p>\n\n\n\n<p>Durante las \u00faltimas horas se han registrado varios hechos importantes en Cotopaxi, relacionados con obras, seguridad, invierno y decisiones pol\u00edticas que generan debate ciudadano.<\/p>\n\n\n\n<p>\ud83d\udc4d Comente, comparta y reaccione para que m\u00e1s ciudadanos se mantengan informados.<\/p>\n\n\n\n<h1 class=\"wp-block-heading\">Cotopaxi #Latacunga #Saquisil\u00ed #Noticias #CuriquingueTV #Ecuador<\/h1>\n\n\n\n<figure class=\"wp-block-embed is-type-video is-provider-youtube wp-block-embed-youtube wp-embed-aspect-16-9 wp-has-aspect-ratio\"><div class=\"wp-block-embed__wrapper\">\n<iframe loading=\"lazy\" title=\"JUEVES 12 MARZO 2026   OPINION CARCEL OK\" width=\"640\" height=\"360\" src=\"https:\/\/www.youtube.com\/embed\/HZmQ28EKfks?feature=oembed\" frameborder=\"0\" allow=\"accelerometer; autoplay; clipboard-write; encrypted-media; gyroscope; picture-in-picture; web-share\" referrerpolicy=\"strict-origin-when-cross-origin\" allowfullscreen><\/iframe>\n<\/div><\/figure>\n","protected":false},"excerpt":{"rendered":"<p>\u2696\ufe0f Debate por ley que obliga a trabajar a personas privadas de libertadEl exasamble\u00edsta por<\/p>\n","protected":false},"author":1,"featured_media":8495,"comment_status":"open","ping_status":"open","sticky":false,"template":"","format":"standard","meta":{"om_disable_all_campaigns":false,"_monsterinsights_skip_tracking":false,"_monsterinsights_sitenote_active":false,"_monsterinsights_sitenote_note":"","_monsterinsights_sitenote_category":0,"_uf_show_specific_survey":0,"_uf_disable_surveys":false,"footnotes":""},"categories":[1],"tags":[],"class_list":["post-8494","post","type-post","status-publish","format-standard","has-post-thumbnail","hentry","category-https-curiquinguetv-com"],"aioseo_notices":[],"_links":{"self":[{"href":"https:\/\/curiquinguetv.com\/index.php?rest_route=\/wp\/v2\/posts\/8494","targetHints":{"allow":["GET"]}}],"collection":[{"href":"https:\/\/curiquinguetv.com\/index.php?rest_route=\/wp\/v2\/posts"}],"about":[{"href":"https:\/\/curiquinguetv.com\/index.php?rest_route=\/wp\/v2\/types\/post"}],"author":[{"embeddable":true,"href":"https:\/\/curiquinguetv.com\/index.php?rest_route=\/wp\/v2\/users\/1"}],"replies":[{"embeddable":true,"href":"https:\/\/curiquinguetv.com\/index.php?rest_route=%2Fwp%2Fv2%2Fcomments&post=8494"}],"version-history":[{"count":3,"href":"https:\/\/curiquinguetv.com\/index.php?rest_route=\/wp\/v2\/posts\/8494\/revisions"}],"predecessor-version":[{"id":8509,"href":"https:\/\/curiquinguetv.com\/index.php?rest_route=\/wp\/v2\/posts\/8494\/revisions\/8509"}],"wp:featuredmedia":[{"embeddable":true,"href":"https:\/\/curiquinguetv.com\/index.php?rest_route=\/wp\/v2\/media\/8495"}],"wp:attachment":[{"href":"https:\/\/curiquinguetv.com\/index.php?rest_route=%2Fwp%2Fv2%2Fmedia&parent=8494"}],"wp:term":[{"taxonomy":"category","embeddable":true,"href":"https:\/\/curiquinguetv.com\/index.php?rest_route=%2Fwp%2Fv2%2Fcategories&post=8494"},{"taxonomy":"post_tag","embeddable":true,"href":"https:\/\/curiquinguetv.com\/index.php?rest_route=%2Fwp%2Fv2%2Ftags&post=8494"}],"curies":[{"name":"wp","href":"https:\/\/api.w.org\/{rel}","templated":true}]}}